{"id":275,"date":"2020-08-01T14:57:36","date_gmt":"2020-08-01T12:57:36","guid":{"rendered":"http:\/\/aeronauten.org\/wordpress\/?p=275"},"modified":"2023-03-10T16:42:44","modified_gmt":"2023-03-10T15:42:44","slug":"schmetterlings-werkstatt","status":"publish","type":"post","link":"http:\/\/aeronauten.org\/wordpress\/index.php\/2020\/08\/01\/schmetterlings-werkstatt\/","title":{"rendered":"Schmetterlings Werkstatt"},"content":{"rendered":"\n<p style=\"font-size:14px\"><strong>Schmetterlingswerkstatt,<\/strong><\/p>\n\n\n\n<p style=\"font-size:14px\"><br>Zun\u00e4chst untersuchen wir die Vielfalt der Farben auf den Fl\u00fcgeln von Schmetterlingen. Dann kolorieren wir mit farbigen Tinten aus Naturmaterialien vom Gel\u00e4nde des Alten Flugplatzes die Muster unserer selbstgestalteten Falter. Daneben bauen wir unsere eigenen Schmetterlingsk\u00e4sten zur Ausstellung dieser beeindruckenden, von uns nachgebildeten Insekten.<\/p>\n\n\n\n<p style=\"font-size:14px\">Sonderveranstaltung zur Sommerwerkstatt 2020.<br>Weitere Informationen auf Anfrage.<\/p>\n\n\n\n<figure class=\"wp-block-image size-large\"><img loading=\"lazy\" decoding=\"async\" width=\"1024\" height=\"1024\" src=\"http:\/\/aeronauten.org\/wordpress\/wp-content\/uploads\/2023\/02\/IMG_1912-1024x1024.jpeg\" alt=\"\" class=\"wp-image-278\" srcset=\"http:\/\/aeronauten.org\/wordpress\/wp-content\/uploads\/2023\/02\/IMG_1912-1024x1024.jpeg 1024w, http:\/\/aeronauten.org\/wordpress\/wp-content\/uploads\/2023\/02\/IMG_1912-300x300.jpeg 300w, http:\/\/aeronauten.org\/wordpress\/wp-content\/uploads\/2023\/02\/IMG_1912-150x150.jpeg 150w, http:\/\/aeronauten.org\/wordpress\/wp-content\/uploads\/2023\/02\/IMG_1912-768x768.jpeg 768w, http:\/\/aeronauten.org\/wordpress\/wp-content\/uploads\/2023\/02\/IMG_1912-1536x1536.jpeg 1536w, http:\/\/aeronauten.org\/wordpress\/wp-content\/uploads\/2023\/02\/IMG_1912-2048x2048.jpeg 2048w, http:\/\/aeronauten.org\/wordpress\/wp-content\/uploads\/2023\/02\/IMG_1912-1568x1568.jpeg 1568w\" sizes=\"auto, (max-width: 1024px) 100vw, 1024px\" \/><\/figure>\n\n\n\n<figure class=\"wp-block-image size-large\"><img loading=\"lazy\" decoding=\"async\" width=\"1024\" height=\"683\" src=\"http:\/\/aeronauten.org\/wordpress\/wp-content\/uploads\/2023\/02\/DSCF8094-1024x683.jpg\" alt=\"\" class=\"wp-image-276\" srcset=\"http:\/\/aeronauten.org\/wordpress\/wp-content\/uploads\/2023\/02\/DSCF8094-1024x683.jpg 1024w, http:\/\/aeronauten.org\/wordpress\/wp-content\/uploads\/2023\/02\/DSCF8094-300x200.jpg 300w, http:\/\/aeronauten.org\/wordpress\/wp-content\/uploads\/2023\/02\/DSCF8094-768x512.jpg 768w, http:\/\/aeronauten.org\/wordpress\/wp-content\/uploads\/2023\/02\/DSCF8094-1536x1024.jpg 1536w, http:\/\/aeronauten.org\/wordpress\/wp-content\/uploads\/2023\/02\/DSCF8094-2048x1365.jpg 2048w, http:\/\/aeronauten.org\/wordpress\/wp-content\/uploads\/2023\/02\/DSCF8094-1568x1045.jpg 1568w\" sizes=\"auto, (max-width: 1024px) 100vw, 1024px\" \/><\/figure>\n","protected":false},"excerpt":{"rendered":"<p>Schmetterlingswerkstatt, Zun\u00e4chst untersuchen wir die Vielfalt der Farben auf den Fl\u00fcgeln von Schmetterlingen. Dann kolorieren wir mit farbigen Tinten aus Naturmaterialien vom Gel\u00e4nde des Alten Flugplatzes die Muster unserer selbstgestalteten Falter. Daneben bauen wir unsere eigenen Schmetterlingsk\u00e4sten zur Ausstellung dieser beeindruckenden, von uns nachgebildeten Insekten. Sonderveranstaltung zur Sommerwerkstatt 2020.Weitere Informationen auf Anfrage.<\/p>\n","protected":false},"author":1,"featured_media":512,"comment_status":"closed","ping_status":"open","sticky":false,"template":"","format":"standard","meta":{"footnotes":""},"categories":[7,8],"tags":[],"class_list":["post-275","post","type-post","status-publish","format-standard","has-post-thumbnail","hentry","category-oeffentlicheveranstaltungen","category-privat-veranstaltung"],"_links":{"self":[{"href":"http:\/\/aeronauten.org\/wordpress\/index.php\/wp-json\/wp\/v2\/posts\/275","targetHints":{"allow":["GET"]}}],"collection":[{"href":"http:\/\/aeronauten.org\/wordpress\/index.php\/wp-json\/wp\/v2\/posts"}],"about":[{"href":"http:\/\/aeronauten.org\/wordpress\/index.php\/wp-json\/wp\/v2\/types\/post"}],"author":[{"embeddable":true,"href":"http:\/\/aeronauten.org\/wordpress\/index.php\/wp-json\/wp\/v2\/users\/1"}],"replies":[{"embeddable":true,"href":"http:\/\/aeronauten.org\/wordpress\/index.php\/wp-json\/wp\/v2\/comments?post=275"}],"version-history":[{"count":7,"href":"http:\/\/aeronauten.org\/wordpress\/index.php\/wp-json\/wp\/v2\/posts\/275\/revisions"}],"predecessor-version":[{"id":1314,"href":"http:\/\/aeronauten.org\/wordpress\/index.php\/wp-json\/wp\/v2\/posts\/275\/revisions\/1314"}],"wp:featuredmedia":[{"embeddable":true,"href":"http:\/\/aeronauten.org\/wordpress\/index.php\/wp-json\/wp\/v2\/media\/512"}],"wp:attachment":[{"href":"http:\/\/aeronauten.org\/wordpress\/index.php\/wp-json\/wp\/v2\/media?parent=275"}],"wp:term":[{"taxonomy":"category","embeddable":true,"href":"http:\/\/aeronauten.org\/wordpress\/index.php\/wp-json\/wp\/v2\/categories?post=275"},{"taxonomy":"post_tag","embeddable":true,"href":"http:\/\/aeronauten.org\/wordpress\/index.php\/wp-json\/wp\/v2\/tags?post=275"}],"curies":[{"name":"wp","href":"https:\/\/api.w.org\/{rel}","templated":true}]}}