{"id":923,"date":"2023-02-15T12:06:51","date_gmt":"2023-02-15T11:06:51","guid":{"rendered":"http:\/\/aeronauten.org\/wordpress\/?p=923"},"modified":"2023-03-10T13:14:45","modified_gmt":"2023-03-10T12:14:45","slug":"heisse-luft-und-klimagase","status":"publish","type":"post","link":"http:\/\/aeronauten.org\/wordpress\/index.php\/2023\/02\/15\/heisse-luft-und-klimagase\/","title":{"rendered":"Hei\u00dfe Luft und Klimagase"},"content":{"rendered":"\n<p class=\"has-system-font-font-family\" style=\"font-size:14px\"><strong>Hei\u00dfe Luft und Klimagase, <\/strong><\/p>\n\n\n\n<p class=\"has-system-font-font-family\" style=\"font-size:14px\">Im Workshop werden wir uns mit der Atmosph\u00e4re befassen. Wir werden uns fragen, ob Luft \u00fcberhaupt ein Gewicht hat, was Luft ist und wie die Gasmolek\u00fcle in der Atmosph\u00e4re auf der Erde gehalten werden.<\/p>\n\n\n\n<p class=\"has-system-font-font-family\" style=\"font-size:14px\">Wir werden auch untersuchen, wie der Mensch die atmosph\u00e4rischen Bedingungen auf der Erde ver\u00e4ndert. Dabei werden wir versuchen, die Zusammenh\u00e4nge zwischen den verschiedenen Bestandteilen der Luft und ihren Auswirkungen auf das Klima zu verstehen.<\/p>\n\n\n\n<p class=\"has-system-font-font-family\" style=\"font-size:14px\">Wir werden uns insbesondere damit befassen, wie und warum sich Luft aufheizen kann. Dabei werden wir die Auswirkungen auf die Atmosph\u00e4re betrachten und versuchen zu verstehen, wie sich Ver\u00e4nderungen in der Atmosph\u00e4re auf das Klima auswirken k\u00f6nnen.<\/p>\n\n\n\n<p class=\"has-system-font-font-family\" style=\"font-size:14px\">Durch das Experimentieren und Beobachten von Ver\u00e4nderungen in der Atmosph\u00e4re werden wir ein Gef\u00fchl daf\u00fcr entwickeln, wie die Menschheit die Erde beeinflusst und wie wichtig es ist, die Auswirkungen unseres Handelns auf die Atmosph\u00e4re zu verstehen.<\/p>\n\n\n\n<figure class=\"wp-block-image size-large\"><img loading=\"lazy\" decoding=\"async\" width=\"1024\" height=\"768\" src=\"http:\/\/aeronauten.org\/wordpress\/wp-content\/uploads\/2023\/02\/DSC01037-1024x768.jpg\" alt=\"\" class=\"wp-image-933\" srcset=\"http:\/\/aeronauten.org\/wordpress\/wp-content\/uploads\/2023\/02\/DSC01037-1024x768.jpg 1024w, http:\/\/aeronauten.org\/wordpress\/wp-content\/uploads\/2023\/02\/DSC01037-300x225.jpg 300w, http:\/\/aeronauten.org\/wordpress\/wp-content\/uploads\/2023\/02\/DSC01037-768x576.jpg 768w, http:\/\/aeronauten.org\/wordpress\/wp-content\/uploads\/2023\/02\/DSC01037-1536x1152.jpg 1536w, http:\/\/aeronauten.org\/wordpress\/wp-content\/uploads\/2023\/02\/DSC01037-2048x1536.jpg 2048w, http:\/\/aeronauten.org\/wordpress\/wp-content\/uploads\/2023\/02\/DSC01037-1568x1176.jpg 1568w\" sizes=\"auto, (max-width: 1024px) 100vw, 1024px\" \/><\/figure>\n\n\n\n<figure class=\"wp-block-image size-large\"><img loading=\"lazy\" decoding=\"async\" width=\"1024\" height=\"684\" src=\"http:\/\/aeronauten.org\/wordpress\/wp-content\/uploads\/2023\/02\/solarschiff-hoppetosse02-1024x684.jpg\" alt=\"\" class=\"wp-image-936\" srcset=\"http:\/\/aeronauten.org\/wordpress\/wp-content\/uploads\/2023\/02\/solarschiff-hoppetosse02-1024x684.jpg 1024w, http:\/\/aeronauten.org\/wordpress\/wp-content\/uploads\/2023\/02\/solarschiff-hoppetosse02-300x200.jpg 300w, http:\/\/aeronauten.org\/wordpress\/wp-content\/uploads\/2023\/02\/solarschiff-hoppetosse02-768x513.jpg 768w, http:\/\/aeronauten.org\/wordpress\/wp-content\/uploads\/2023\/02\/solarschiff-hoppetosse02-1536x1026.jpg 1536w, http:\/\/aeronauten.org\/wordpress\/wp-content\/uploads\/2023\/02\/solarschiff-hoppetosse02-1200x800.jpg 1200w, http:\/\/aeronauten.org\/wordpress\/wp-content\/uploads\/2023\/02\/solarschiff-hoppetosse02-1568x1048.jpg 1568w, http:\/\/aeronauten.org\/wordpress\/wp-content\/uploads\/2023\/02\/solarschiff-hoppetosse02.jpg 1712w\" sizes=\"auto, (max-width: 1024px) 100vw, 1024px\" \/><\/figure>\n","protected":false},"excerpt":{"rendered":"<p>Hei\u00dfe Luft und Klimagase, Im Workshop werden wir uns mit der Atmosph\u00e4re befassen. Wir werden uns fragen, ob Luft \u00fcberhaupt ein Gewicht hat, was Luft ist und wie die Gasmolek\u00fcle in der Atmosph\u00e4re auf der Erde gehalten werden. Wir werden auch untersuchen, wie der Mensch die atmosph\u00e4rischen Bedingungen auf der Erde ver\u00e4ndert. Dabei werden wir [&hellip;]<\/p>\n","protected":false},"author":1,"featured_media":935,"comment_status":"closed","ping_status":"closed","sticky":false,"template":"","format":"standard","meta":{"footnotes":""},"categories":[1,6],"tags":[],"class_list":["post-923","post","type-post","status-publish","format-standard","has-post-thumbnail","hentry","category-allgemein","category-efl"],"_links":{"self":[{"href":"http:\/\/aeronauten.org\/wordpress\/index.php\/wp-json\/wp\/v2\/posts\/923","targetHints":{"allow":["GET"]}}],"collection":[{"href":"http:\/\/aeronauten.org\/wordpress\/index.php\/wp-json\/wp\/v2\/posts"}],"about":[{"href":"http:\/\/aeronauten.org\/wordpress\/index.php\/wp-json\/wp\/v2\/types\/post"}],"author":[{"embeddable":true,"href":"http:\/\/aeronauten.org\/wordpress\/index.php\/wp-json\/wp\/v2\/users\/1"}],"replies":[{"embeddable":true,"href":"http:\/\/aeronauten.org\/wordpress\/index.php\/wp-json\/wp\/v2\/comments?post=923"}],"version-history":[{"count":7,"href":"http:\/\/aeronauten.org\/wordpress\/index.php\/wp-json\/wp\/v2\/posts\/923\/revisions"}],"predecessor-version":[{"id":1269,"href":"http:\/\/aeronauten.org\/wordpress\/index.php\/wp-json\/wp\/v2\/posts\/923\/revisions\/1269"}],"wp:featuredmedia":[{"embeddable":true,"href":"http:\/\/aeronauten.org\/wordpress\/index.php\/wp-json\/wp\/v2\/media\/935"}],"wp:attachment":[{"href":"http:\/\/aeronauten.org\/wordpress\/index.php\/wp-json\/wp\/v2\/media?parent=923"}],"wp:term":[{"taxonomy":"category","embeddable":true,"href":"http:\/\/aeronauten.org\/wordpress\/index.php\/wp-json\/wp\/v2\/categories?post=923"},{"taxonomy":"post_tag","embeddable":true,"href":"http:\/\/aeronauten.org\/wordpress\/index.php\/wp-json\/wp\/v2\/tags?post=923"}],"curies":[{"name":"wp","href":"https:\/\/api.w.org\/{rel}","templated":true}]}}